{"id":4664,"date":"2026-04-24T15:57:53","date_gmt":"2026-04-24T15:57:53","guid":{"rendered":"https:\/\/colegiofinlandes.edu.mx\/escritorio\/?p=4664"},"modified":"2026-04-24T15:57:53","modified_gmt":"2026-04-24T15:57:53","slug":"dia-madre-tierra-educacion-ambiental-infantil-colegio-finlandes","status":"publish","type":"post","link":"https:\/\/colegiofinlandes.edu.mx\/escritorio\/dia-madre-tierra-educacion-ambiental-infantil-colegio-finlandes\/","title":{"rendered":"D\u00eda de la Madre Tierra: c\u00f3mo formar ni\u00f1os conscientes del planeta desde la escuela"},"content":{"rendered":"<p><span style=\"font-weight: 400;\">Hay aprendizajes que no se explican\u2026 se sienten.<\/span><\/p>\n<p><span style=\"font-weight: 400;\">El valor de cuidar el agua, el respeto por la naturaleza y la conciencia de que cada acci\u00f3n tiene un impacto son ideas que, cuando se viven desde la infancia, dejan una huella profunda.<\/span><\/p>\n<p><span style=\"font-weight: 400;\">El <\/span><b>D\u00eda Internacional de la Madre Tierra<\/b><span style=\"font-weight: 400;\"> es mucho m\u00e1s que una fecha conmemorativa. Es una oportunidad para reflexionar sobre c\u00f3mo nos relacionamos con el entorno y c\u00f3mo podemos formar ni\u00f1os m\u00e1s conscientes del planeta.<\/span><\/p>\n<p><span style=\"font-weight: 400;\">En el Colegio Finland\u00e9s, este d\u00eda se transforma en una experiencia significativa donde la <\/span><b>educaci\u00f3n ambiental infantil<\/b><span style=\"font-weight: 400;\"> se vive, se experimenta y se convierte en parte del d\u00eda a d\u00eda.<\/span><\/p>\n<h3 style=\"text-align: center;\"><span style=\"color: #0c5fa9;\"><b>\u00bfPor qu\u00e9 es importante la educaci\u00f3n ambiental infantil?<\/b><\/span><\/h3>\n<p><span style=\"font-weight: 400;\">Cuando hablamos de <\/span><b>educaci\u00f3n ambiental infantil<\/b><span style=\"font-weight: 400;\">, no nos referimos \u00fanicamente a aprender conceptos sobre la naturaleza, sino a desarrollar una conexi\u00f3n emocional con el entorno.<\/span><\/p>\n<p><span style=\"font-weight: 400;\">Desde la psicolog\u00eda infantil, sabemos que:<\/span><\/p>\n<ul>\n<li style=\"font-weight: 400;\" aria-level=\"1\"><span style=\"font-weight: 400;\">Los h\u00e1bitos adquiridos en la infancia se mantienen en la vida adulta<\/span><\/li>\n<li style=\"font-weight: 400;\" aria-level=\"1\"><span style=\"font-weight: 400;\">Las experiencias generan aprendizajes m\u00e1s profundos que la teor\u00eda<\/span><\/li>\n<li style=\"font-weight: 400;\" aria-level=\"1\"><span style=\"font-weight: 400;\">La conexi\u00f3n con la naturaleza fortalece la empat\u00eda<\/span><\/li>\n<\/ul>\n<p><span style=\"font-weight: 400;\">Por eso, trabajar la <\/span><b>conciencia ecol\u00f3gica en primaria<\/b><span style=\"font-weight: 400;\"> es clave para formar ni\u00f1os responsables, capaces de tomar decisiones que impacten positivamente en su entorno.<\/span><\/p>\n<p><span style=\"font-weight: 400;\">Este enfoque forma parte de una educaci\u00f3n integral que busca preparar a los alumnos no solo acad\u00e9micamente, sino tambi\u00e9n como ciudadanos conscientes.<\/span><\/p>\n<h3 style=\"text-align: center;\"><span style=\"color: #0c5fa9;\"><b>Datos del D\u00eda de la Madre Tierra que los ni\u00f1os pueden entender<\/b><\/span><\/h3>\n<p><span style=\"font-weight: 400;\">Para que los ni\u00f1os comprendan la importancia del cuidado del planeta, es \u00fatil acercarlos a informaci\u00f3n clara y significativa.<\/span><\/p>\n<p><span style=\"font-weight: 400;\">Algunos datos que se trabajan en el aula durante el <\/span><b>D\u00eda de la Madre Tierra<\/b><span style=\"font-weight: 400;\">:<\/span><\/p>\n<ul>\n<li style=\"font-weight: 400;\" aria-level=\"1\"><span style=\"font-weight: 400;\">Solo una peque\u00f1a parte del agua del planeta es potable<\/span><\/li>\n<li style=\"font-weight: 400;\" aria-level=\"1\"><span style=\"font-weight: 400;\">Cada a\u00f1o se pierden millones de hect\u00e1reas de bosques<\/span><\/li>\n<li style=\"font-weight: 400;\" aria-level=\"1\"><span style=\"font-weight: 400;\">Reducir, reutilizar y reciclar puede disminuir los residuos<\/span><\/li>\n<li style=\"font-weight: 400;\" aria-level=\"1\"><span style=\"font-weight: 400;\">Las acciones individuales s\u00ed generan impacto colectivo<\/span><\/li>\n<\/ul>\n<p><span style=\"font-weight: 400;\">Estos datos no buscan alarmar, sino generar conciencia.<\/span><\/p>\n<p><span style=\"font-weight: 400;\">Porque cuando un ni\u00f1o entiende el impacto de sus acciones, comienza a desarrollar responsabilidad.<\/span><\/p>\n<h3 style=\"text-align: center;\"><span style=\"color: #0c5fa9;\"><b>\u00bfC\u00f3mo ense\u00f1ar a los ni\u00f1os a cuidar el medio ambiente?<\/b><\/span><\/h3>\n<p><span style=\"font-weight: 400;\">Una de las b\u00fasquedas m\u00e1s comunes es: <\/span><b>c\u00f3mo ense\u00f1ar a los ni\u00f1os a cuidar el medio ambiente<\/b><span style=\"font-weight: 400;\">.<\/span><\/p>\n<p><span style=\"font-weight: 400;\">La respuesta no est\u00e1 en grandes discursos, sino en acciones cotidianas.<\/span><\/p>\n<p><span style=\"font-weight: 400;\">Algunas pr\u00e1cticas clave dentro de la escuela incluyen:<\/span><\/p>\n<ul>\n<li style=\"font-weight: 400;\" aria-level=\"1\"><span style=\"font-weight: 400;\">Cerrar la llave mientras se lavan las manos<\/span><\/li>\n<li style=\"font-weight: 400;\" aria-level=\"1\"><span style=\"font-weight: 400;\">Reutilizar materiales en actividades escolares<\/span><\/li>\n<li style=\"font-weight: 400;\" aria-level=\"1\"><span style=\"font-weight: 400;\">Participar en proyectos de reciclaje<\/span><\/li>\n<li style=\"font-weight: 400;\" aria-level=\"1\"><span style=\"font-weight: 400;\">Reflexionar sobre el uso responsable de recursos<\/span><\/li>\n<\/ul>\n<p><span style=\"font-weight: 400;\">En el Colegio Finland\u00e9s, estas acciones forman parte de la rutina diaria, permitiendo que la <\/span><b>conciencia ecol\u00f3gica en primaria<\/b><span style=\"font-weight: 400;\"> se construya de manera natural.<\/span><\/p>\n<h3 style=\"text-align: center;\"><span style=\"color: #0c5fa9;\"><b>D\u00eda Ecol\u00f3gico en la escuela: aprender desde la experiencia<\/b><\/span><\/h3>\n<p><span style=\"font-weight: 400;\">El <\/span><b>D\u00eda de la Madre Tierra en la escuela<\/b><span style=\"font-weight: 400;\"> se convierte en una experiencia activa cuando los alumnos participan en actividades que los conectan con su entorno.<\/span><\/p>\n<p><span style=\"font-weight: 400;\">Algunas experiencias incluyen:<\/span><\/p>\n<ul>\n<li style=\"font-weight: 400;\" aria-level=\"1\"><span style=\"font-weight: 400;\">Proyectos sobre el cuidado del agua<\/span><\/li>\n<li style=\"font-weight: 400;\" aria-level=\"1\"><span style=\"font-weight: 400;\">Din\u00e1micas de reciclaje en el aula<\/span><\/li>\n<li style=\"font-weight: 400;\" aria-level=\"1\"><span style=\"font-weight: 400;\">Actividades de reflexi\u00f3n sobre el impacto ambiental<\/span><\/li>\n<li style=\"font-weight: 400;\" aria-level=\"1\"><span style=\"font-weight: 400;\">Espacios para proponer soluciones sostenibles<\/span><\/li>\n<\/ul>\n<p><span style=\"font-weight: 400;\">Este tipo de aprendizaje permite que los ni\u00f1os no solo entiendan el problema, sino que se sientan parte de la soluci\u00f3n.<\/span><\/p>\n<h3 style=\"text-align: center;\"><span style=\"color: #0c5fa9;\"><b>Conciencia ecol\u00f3gica en primaria: peque\u00f1os h\u00e1bitos, grandes cambios<\/b><\/span><\/h3>\n<p><span style=\"font-weight: 400;\">La <\/span><b>conciencia ecol\u00f3gica en primaria<\/b><span style=\"font-weight: 400;\"> se construye con peque\u00f1as acciones repetidas todos los d\u00edas.<\/span><\/p>\n<p><span style=\"font-weight: 400;\">Cerrar una llave.<\/span><span style=\"font-weight: 400;\"><br \/>\n<\/span><span style=\"font-weight: 400;\">Cuidar un espacio.<\/span><span style=\"font-weight: 400;\"><br \/>\n<\/span><span style=\"font-weight: 400;\">No desperdiciar materiales.<\/span><\/p>\n<p><span style=\"font-weight: 400;\">Aunque parecen simples, estos h\u00e1bitos desarrollan:<\/span><\/p>\n<ul>\n<li style=\"font-weight: 400;\" aria-level=\"1\"><span style=\"font-weight: 400;\">Responsabilidad<\/span><\/li>\n<li style=\"font-weight: 400;\" aria-level=\"1\"><span style=\"font-weight: 400;\">Autonom\u00eda<\/span><\/li>\n<li style=\"font-weight: 400;\" aria-level=\"1\"><span style=\"font-weight: 400;\">Sentido de pertenencia<\/span><\/li>\n<li style=\"font-weight: 400;\" aria-level=\"1\"><span style=\"font-weight: 400;\">Compromiso con el entorno<\/span><\/li>\n<\/ul>\n<p><span style=\"font-weight: 400;\">Cuando un ni\u00f1o entiende que puede generar un cambio, su forma de ver el mundo se transforma.<\/span><\/p>\n<h3 style=\"text-align: center;\"><span style=\"color: #0c5fa9;\"><b>El papel de la familia y la escuela en la educaci\u00f3n ambiental<\/b><\/span><\/h3>\n<p><span style=\"font-weight: 400;\">Formar ni\u00f1os conscientes del medio ambiente no es tarea de un solo espacio.<\/span><\/p>\n<p><span style=\"font-weight: 400;\">Cuando la escuela y la familia trabajan juntas, el aprendizaje se fortalece.<\/span><\/p>\n<p><span style=\"font-weight: 400;\">Los ni\u00f1os aprenden principalmente de lo que observan. Por eso, la coherencia entre casa y escuela es fundamental para que la <\/span><b>educaci\u00f3n ambiental infantil<\/b><span style=\"font-weight: 400;\"> se convierta en un estilo de vida.<\/span><\/p>\n<p><b>Educar hoy para cuidar el ma\u00f1ana<\/b><\/p>\n<p><span style=\"font-weight: 400;\">Hablar del planeta con los ni\u00f1os no es hablar del futuro.<\/span><\/p>\n<p><span style=\"font-weight: 400;\">Es hablar del presente que est\u00e1n construyendo.<\/span><\/p>\n<p><span style=\"font-weight: 400;\">Cada conversaci\u00f3n, cada h\u00e1bito y cada experiencia suma.<\/span><\/p>\n<p><span style=\"font-weight: 400;\">En el Colegio Finland\u00e9s, creemos que educar tambi\u00e9n implica formar personas conscientes, capaces de cuidar su entorno y tomar decisiones responsables.<\/span><\/p>\n<p><span style=\"font-weight: 400;\">Porque cuando un ni\u00f1o aprende a cuidar la Tierra\u2026<\/span><\/p>\n<p><span style=\"font-weight: 400;\">tambi\u00e9n aprende a cuidar la vida.<\/span><\/p>\n","protected":false},"excerpt":{"rendered":"<p>Hay aprendizajes que no se explican\u2026 se sienten. El valor de cuidar el agua, el respeto por la naturaleza y la conciencia de que cada acci\u00f3n tiene un impacto son ideas que, cuando se viven desde la infancia, dejan una huella profunda. El D\u00eda Internacional de la Madre Tierra es mucho m\u00e1s que una fecha [&hellip;]<\/p>\n","protected":false},"author":2,"featured_media":4665,"comment_status":"open","ping_status":"open","sticky":false,"template":"","format":"standard","meta":{"footnotes":""},"categories":[30],"tags":[],"class_list":["post-4664","post","type-post","status-publish","format-standard","has-post-thumbnail","hentry","category-vida-escolar"],"_links":{"self":[{"href":"https:\/\/colegiofinlandes.edu.mx\/escritorio\/wp-json\/wp\/v2\/posts\/4664","targetHints":{"allow":["GET"]}}],"collection":[{"href":"https:\/\/colegiofinlandes.edu.mx\/escritorio\/wp-json\/wp\/v2\/posts"}],"about":[{"href":"https:\/\/colegiofinlandes.edu.mx\/escritorio\/wp-json\/wp\/v2\/types\/post"}],"author":[{"embeddable":true,"href":"https:\/\/colegiofinlandes.edu.mx\/escritorio\/wp-json\/wp\/v2\/users\/2"}],"replies":[{"embeddable":true,"href":"https:\/\/colegiofinlandes.edu.mx\/escritorio\/wp-json\/wp\/v2\/comments?post=4664"}],"version-history":[{"count":2,"href":"https:\/\/colegiofinlandes.edu.mx\/escritorio\/wp-json\/wp\/v2\/posts\/4664\/revisions"}],"predecessor-version":[{"id":4668,"href":"https:\/\/colegiofinlandes.edu.mx\/escritorio\/wp-json\/wp\/v2\/posts\/4664\/revisions\/4668"}],"wp:featuredmedia":[{"embeddable":true,"href":"https:\/\/colegiofinlandes.edu.mx\/escritorio\/wp-json\/wp\/v2\/media\/4665"}],"wp:attachment":[{"href":"https:\/\/colegiofinlandes.edu.mx\/escritorio\/wp-json\/wp\/v2\/media?parent=4664"}],"wp:term":[{"taxonomy":"category","embeddable":true,"href":"https:\/\/colegiofinlandes.edu.mx\/escritorio\/wp-json\/wp\/v2\/categories?post=4664"},{"taxonomy":"post_tag","embeddable":true,"href":"https:\/\/colegiofinlandes.edu.mx\/escritorio\/wp-json\/wp\/v2\/tags?post=4664"}],"curies":[{"name":"wp","href":"https:\/\/api.w.org\/{rel}","templated":true}]}}